{"id":1003,"date":"2012-11-07T16:48:35","date_gmt":"2012-11-07T14:48:35","guid":{"rendered":"http:\/\/cluq-grenoble.org\/WordPress\/?p=1003"},"modified":"2020-02-03T11:53:14","modified_gmt":"2020-02-03T10:53:14","slug":"uq-centre-ville","status":"publish","type":"post","link":"https:\/\/cluq-grenoble.org\/WordPress\/2012\/11\/uq-centre-ville\/","title":{"rendered":"UQ Centre Ville"},"content":{"rendered":"<p style=\"text-align: center;\"><span style=\"color: #000000;\"><strong>L&#8217;Union des Habitants du centre Ville<\/strong> tiendra son <strong>assembl\u00e9e g\u00e9n\u00e9rale<\/strong> ce <\/span><\/p>\n<p style=\"text-align: center;\"><span style=\"color: #000000;\"><strong>lundi 12 novembre 2012&nbsp;<\/strong>, \u00e0 la Maison du Tourisme <\/span><\/p>\n<p style=\"text-align: center;\"><span style=\"color: #000000;\">*une partie statutaire de 19h 30 jusqu&#8217;\u00e0 20 h30<\/span><\/p>\n<p style=\"text-align: center;\"><span style=\"color: #000000;\">*suivie d&#8217;une r\u00e9union publique, ouverte \u00e0 tous, \u00e0 partir de 20h30;<\/span><\/p>\n<p style=\"text-align: center;\"><span style=\"color: #000000;\">en pr\u00e9sence des \u00e9lus et repr\u00e9sentants de la Mairie &#8211; M.Destot<\/span><\/p>\n<p style=\"text-align: center;\"><span style=\"color: #000000;\">T\u00e9l\u00e9chargez ici&nbsp;le dernier num\u00e9ro de &#8220;La Gazette&#8221; : <a href=\"http:\/\/cluq-grenoble.org\/WordPress\/wp-content\/uploads\/2012\/11\/Gazette_novembre_12_VFBAT.pdf\">Gazette_novembre_2012<\/a><\/span><\/p>\n<p style=\"text-align: center;\"><span style=\"color: #000000;\">&nbsp;<\/span><\/p>\n","protected":false},"excerpt":{"rendered":"<p>L&#8217;Union des Habitants du centre Ville tiendra son assembl\u00e9e g\u00e9n\u00e9rale<span class=\"more-link\"><a href=\"https:\/\/cluq-grenoble.org\/WordPress\/2012\/11\/uq-centre-ville\/\">Lire la suite<\/a><\/span><\/p>\n","protected":false},"author":1,"featured_media":0,"comment_status":"closed","ping_status":"open","sticky":false,"template":"","format":"standard","meta":[],"categories":[1],"tags":[],"_links":{"self":[{"href":"https:\/\/cluq-grenoble.org\/WordPress\/wp-json\/wp\/v2\/posts\/1003"}],"collection":[{"href":"https:\/\/cluq-grenoble.org\/WordPress\/wp-json\/wp\/v2\/posts"}],"about":[{"href":"https:\/\/cluq-grenoble.org\/WordPress\/wp-json\/wp\/v2\/types\/post"}],"author":[{"embeddable":true,"href":"https:\/\/cluq-grenoble.org\/WordPress\/wp-json\/wp\/v2\/users\/1"}],"replies":[{"embeddable":true,"href":"https:\/\/cluq-grenoble.org\/WordPress\/wp-json\/wp\/v2\/comments?post=1003"}],"version-history":[{"count":4,"href":"https:\/\/cluq-grenoble.org\/WordPress\/wp-json\/wp\/v2\/posts\/1003\/revisions"}],"predecessor-version":[{"id":4744,"href":"https:\/\/cluq-grenoble.org\/WordPress\/wp-json\/wp\/v2\/posts\/1003\/revisions\/4744"}],"wp:attachment":[{"href":"https:\/\/cluq-grenoble.org\/WordPress\/wp-json\/wp\/v2\/media?parent=1003"}],"wp:term":[{"taxonomy":"category","embeddable":true,"href":"https:\/\/cluq-grenoble.org\/WordPress\/wp-json\/wp\/v2\/categories?post=1003"},{"taxonomy":"post_tag","embeddable":true,"href":"https:\/\/cluq-grenoble.org\/WordPress\/wp-json\/wp\/v2\/tags?post=1003"}],"curies":[{"name":"wp","href":"https:\/\/api.w.org\/{rel}","templated":true}]}}