{"id":1654,"date":"2014-09-02T09:53:40","date_gmt":"2014-09-02T07:53:40","guid":{"rendered":"http:\/\/cluq-grenoble.org\/WordPress\/?p=1654"},"modified":"2020-02-03T14:37:21","modified_gmt":"2020-02-03T13:37:21","slug":"fete-de-luq-ile-verte","status":"publish","type":"post","link":"https:\/\/cluq-grenoble.org\/WordPress\/2014\/09\/fete-de-luq-ile-verte\/","title":{"rendered":"F\u00eate de l&#8217;UQ Ile Verte"},"content":{"rendered":"<p><a href=\"http:\/\/cluq-grenoble.org\/WordPress\/wp-content\/uploads\/2014\/09\/Affiche-f\u00eate-de-lIle-Verte-13Sep2014-9.jpg\"><img loading=\"lazy\" width=\"584\" height=\"769\" class=\"alignleft size-large wp-image-1655\" alt=\"Affiche - f\u00eate de l'Ile Verte - 13Sep2014 - 9\" src=\"http:\/\/cluq-grenoble.org\/WordPress\/wp-content\/uploads\/2014\/09\/Affiche-f\u00eate-de-lIle-Verte-13Sep2014-9-777x1024.jpg\" srcset=\"https:\/\/cluq-grenoble.org\/WordPress\/wp-content\/uploads\/2014\/09\/Affiche-f\u00eate-de-lIle-Verte-13Sep2014-9-777x1024.jpg 777w, https:\/\/cluq-grenoble.org\/WordPress\/wp-content\/uploads\/2014\/09\/Affiche-f\u00eate-de-lIle-Verte-13Sep2014-9-227x300.jpg 227w, https:\/\/cluq-grenoble.org\/WordPress\/wp-content\/uploads\/2014\/09\/Affiche-f\u00eate-de-lIle-Verte-13Sep2014-9.jpg 1143w\" sizes=\"(max-width: 584px) 100vw, 584px\" \/><\/a><\/p>\n<p>&nbsp;<\/p>\n<p><a href=\"http:\/\/cluq-grenoble.org\/WordPress\/wp-content\/uploads\/2014\/09\/Programme-Lin\u00e9aire-F\u00eate-de-l\u00eele-Verte-13Sep2014-2.jpg\"><img loading=\"lazy\" width=\"584\" height=\"778\" class=\"alignleft size-large wp-image-1746\" alt=\"Programme Lin\u00e9aire F\u00eate de l'\u00eele Verte - 13Sep2014 - 2\" src=\"http:\/\/cluq-grenoble.org\/WordPress\/wp-content\/uploads\/2014\/09\/Programme-Lin\u00e9aire-F\u00eate-de-l\u00eele-Verte-13Sep2014-2-768x1024.jpg\" srcset=\"https:\/\/cluq-grenoble.org\/WordPress\/wp-content\/uploads\/2014\/09\/Programme-Lin\u00e9aire-F\u00eate-de-l\u00eele-Verte-13Sep2014-2-768x1024.jpg 768w, https:\/\/cluq-grenoble.org\/WordPress\/wp-content\/uploads\/2014\/09\/Programme-Lin\u00e9aire-F\u00eate-de-l\u00eele-Verte-13Sep2014-2-225x300.jpg 225w, https:\/\/cluq-grenoble.org\/WordPress\/wp-content\/uploads\/2014\/09\/Programme-Lin\u00e9aire-F\u00eate-de-l\u00eele-Verte-13Sep2014-2.jpg 900w\" sizes=\"(max-width: 584px) 100vw, 584px\" \/><\/a><\/p>\n","protected":false},"excerpt":{"rendered":"<p>&nbsp;<span class=\"more-link\"><a href=\"https:\/\/cluq-grenoble.org\/WordPress\/2014\/09\/fete-de-luq-ile-verte\/\">Lire la suite<\/a><\/span><\/p>\n","protected":false},"author":1,"featured_media":0,"comment_status":"closed","ping_status":"open","sticky":false,"template":"","format":"standard","meta":[],"categories":[10],"tags":[],"_links":{"self":[{"href":"https:\/\/cluq-grenoble.org\/WordPress\/wp-json\/wp\/v2\/posts\/1654"}],"collection":[{"href":"https:\/\/cluq-grenoble.org\/WordPress\/wp-json\/wp\/v2\/posts"}],"about":[{"href":"https:\/\/cluq-grenoble.org\/WordPress\/wp-json\/wp\/v2\/types\/post"}],"author":[{"embeddable":true,"href":"https:\/\/cluq-grenoble.org\/WordPress\/wp-json\/wp\/v2\/users\/1"}],"replies":[{"embeddable":true,"href":"https:\/\/cluq-grenoble.org\/WordPress\/wp-json\/wp\/v2\/comments?post=1654"}],"version-history":[{"count":4,"href":"https:\/\/cluq-grenoble.org\/WordPress\/wp-json\/wp\/v2\/posts\/1654\/revisions"}],"predecessor-version":[{"id":4797,"href":"https:\/\/cluq-grenoble.org\/WordPress\/wp-json\/wp\/v2\/posts\/1654\/revisions\/4797"}],"wp:attachment":[{"href":"https:\/\/cluq-grenoble.org\/WordPress\/wp-json\/wp\/v2\/media?parent=1654"}],"wp:term":[{"taxonomy":"category","embeddable":true,"href":"https:\/\/cluq-grenoble.org\/WordPress\/wp-json\/wp\/v2\/categories?post=1654"},{"taxonomy":"post_tag","embeddable":true,"href":"https:\/\/cluq-grenoble.org\/WordPress\/wp-json\/wp\/v2\/tags?post=1654"}],"curies":[{"name":"wp","href":"https:\/\/api.w.org\/{rel}","templated":true}]}}