{"id":1885,"date":"2014-11-12T15:27:06","date_gmt":"2014-11-12T13:27:06","guid":{"rendered":"http:\/\/cluq-grenoble.org\/WordPress\/?p=1885"},"modified":"2020-02-02T20:10:10","modified_gmt":"2020-02-02T19:10:10","slug":"conference-organisee-par-luq-centre-gares","status":"publish","type":"post","link":"https:\/\/cluq-grenoble.org\/WordPress\/2014\/11\/conference-organisee-par-luq-centre-gares\/","title":{"rendered":"Conf\u00e9rence organis\u00e9e par l&#8217;UQ Centre Gares"},"content":{"rendered":"<p><a href=\"http:\/\/cluq-grenoble.org\/WordPress\/wp-content\/uploads\/2014\/11\/AFFICHE-CONF-UQ-Centre-Gares-24-nov2014.jpg\"><img loading=\"lazy\" width=\"288\" height=\"401\" class=\"aligncenter wp-image-1886 \" alt=\"AFFICHE CONF UQ Centre Gares 24 nov2014\" src=\"http:\/\/cluq-grenoble.org\/WordPress\/wp-content\/uploads\/2014\/11\/AFFICHE-CONF-UQ-Centre-Gares-24-nov2014-212x300.jpg\"><\/a><\/p>\n<p style=\"text-align: center;\"><strong>L&#8217;Union de Quartier Centre-Gares organise une Conf\u00e9rence sur <\/strong><\/p>\n<p style=\"text-align: center;\"><strong>&#8220;L&#8217;Arm\u00e9e \u00e0 la Belle Epoque \u00e0 Grenoble&#8221;<\/strong><\/p>\n<p style=\"text-align: center;\">Par Benoit DELEUZE<\/p>\n<p style=\"text-align: center;\">Lieutenant Colonel (e.r) de Chasseurs Alpins<\/p>\n<p style=\"text-align: center;\"><strong>Lundi 24 novembre 2014 \u00e0 19h<\/strong><\/p>\n<p style=\"text-align: center;\">\u00e0 l&#8217;Amphith\u00e9\u00e2tre de l&#8217;IUT 2<\/p>\n<p style=\"text-align: center;\">2 place Doyen Gosse, Grenoble<\/p>\n<p>&nbsp;<\/p>\n<p>&nbsp;<\/p>\n","protected":false},"excerpt":{"rendered":"<p>L&#8217;Union de Quartier Centre-Gares organise une Conf\u00e9rence sur &#8220;L&#8217;Arm\u00e9e \u00e0<span class=\"more-link\"><a href=\"https:\/\/cluq-grenoble.org\/WordPress\/2014\/11\/conference-organisee-par-luq-centre-gares\/\">Lire la suite<\/a><\/span><\/p>\n","protected":false},"author":1,"featured_media":0,"comment_status":"closed","ping_status":"open","sticky":false,"template":"","format":"standard","meta":[],"categories":[10],"tags":[],"_links":{"self":[{"href":"https:\/\/cluq-grenoble.org\/WordPress\/wp-json\/wp\/v2\/posts\/1885"}],"collection":[{"href":"https:\/\/cluq-grenoble.org\/WordPress\/wp-json\/wp\/v2\/posts"}],"about":[{"href":"https:\/\/cluq-grenoble.org\/WordPress\/wp-json\/wp\/v2\/types\/post"}],"author":[{"embeddable":true,"href":"https:\/\/cluq-grenoble.org\/WordPress\/wp-json\/wp\/v2\/users\/1"}],"replies":[{"embeddable":true,"href":"https:\/\/cluq-grenoble.org\/WordPress\/wp-json\/wp\/v2\/comments?post=1885"}],"version-history":[{"count":2,"href":"https:\/\/cluq-grenoble.org\/WordPress\/wp-json\/wp\/v2\/posts\/1885\/revisions"}],"predecessor-version":[{"id":4730,"href":"https:\/\/cluq-grenoble.org\/WordPress\/wp-json\/wp\/v2\/posts\/1885\/revisions\/4730"}],"wp:attachment":[{"href":"https:\/\/cluq-grenoble.org\/WordPress\/wp-json\/wp\/v2\/media?parent=1885"}],"wp:term":[{"taxonomy":"category","embeddable":true,"href":"https:\/\/cluq-grenoble.org\/WordPress\/wp-json\/wp\/v2\/categories?post=1885"},{"taxonomy":"post_tag","embeddable":true,"href":"https:\/\/cluq-grenoble.org\/WordPress\/wp-json\/wp\/v2\/tags?post=1885"}],"curies":[{"name":"wp","href":"https:\/\/api.w.org\/{rel}","templated":true}]}}