{"id":3540,"date":"2017-09-05T10:02:25","date_gmt":"2017-09-05T08:02:25","guid":{"rendered":"http:\/\/cluq-grenoble.org\/WordPress\/?p=3540"},"modified":"2020-02-03T14:04:55","modified_gmt":"2020-02-03T13:04:55","slug":"uq-ile-verte-fete-du-quartier-4","status":"publish","type":"post","link":"https:\/\/cluq-grenoble.org\/WordPress\/2017\/09\/uq-ile-verte-fete-du-quartier-4\/","title":{"rendered":"UQ ile verte &#8211; F\u00eate du quartier"},"content":{"rendered":"<p><strong>L&#8217;union de Quartier Ile Verte est heureuse de vous convier \u00e0 sa f\u00eate annuelle qui se tiendra rue Blanche Monier,<span style=\"text-decoration: underline;\"> samedi 9 septembre 2017<\/span> de 14h \u00e0 minuit <\/strong><\/p>\n<p><strong>Venez nombreux !!<\/strong><\/p>\n<p><a href=\"http:\/\/cluq-grenoble.org\/WordPress\/wp-content\/uploads\/2017\/09\/Affiche-F\u00eate-de-l\u00cele-Verte-2017-v3.jpg\"><img loading=\"lazy\" width=\"584\" height=\"778\" class=\"alignleft size-large wp-image-3541\" alt=\"Affiche F\u00eate de l'\u00cele Verte 2017 - v3\" src=\"http:\/\/cluq-grenoble.org\/WordPress\/wp-content\/uploads\/2017\/09\/Affiche-F\u00eate-de-l\u00cele-Verte-2017-v3-768x1024.jpg\" srcset=\"https:\/\/cluq-grenoble.org\/WordPress\/wp-content\/uploads\/2017\/09\/Affiche-F\u00eate-de-l\u00cele-Verte-2017-v3-768x1024.jpg 768w, https:\/\/cluq-grenoble.org\/WordPress\/wp-content\/uploads\/2017\/09\/Affiche-F\u00eate-de-l\u00cele-Verte-2017-v3-225x300.jpg 225w, https:\/\/cluq-grenoble.org\/WordPress\/wp-content\/uploads\/2017\/09\/Affiche-F\u00eate-de-l\u00cele-Verte-2017-v3.jpg 810w\" sizes=\"(max-width: 584px) 100vw, 584px\" \/><\/a><\/p>\n","protected":false},"excerpt":{"rendered":"<p>L&#8217;union de Quartier Ile Verte est heureuse de vous convier<span class=\"more-link\"><a href=\"https:\/\/cluq-grenoble.org\/WordPress\/2017\/09\/uq-ile-verte-fete-du-quartier-4\/\">Lire la suite<\/a><\/span><\/p>\n","protected":false},"author":1,"featured_media":0,"comment_status":"closed","ping_status":"open","sticky":false,"template":"","format":"standard","meta":[],"categories":[10],"tags":[],"_links":{"self":[{"href":"https:\/\/cluq-grenoble.org\/WordPress\/wp-json\/wp\/v2\/posts\/3540"}],"collection":[{"href":"https:\/\/cluq-grenoble.org\/WordPress\/wp-json\/wp\/v2\/posts"}],"about":[{"href":"https:\/\/cluq-grenoble.org\/WordPress\/wp-json\/wp\/v2\/types\/post"}],"author":[{"embeddable":true,"href":"https:\/\/cluq-grenoble.org\/WordPress\/wp-json\/wp\/v2\/users\/1"}],"replies":[{"embeddable":true,"href":"https:\/\/cluq-grenoble.org\/WordPress\/wp-json\/wp\/v2\/comments?post=3540"}],"version-history":[{"count":2,"href":"https:\/\/cluq-grenoble.org\/WordPress\/wp-json\/wp\/v2\/posts\/3540\/revisions"}],"predecessor-version":[{"id":4653,"href":"https:\/\/cluq-grenoble.org\/WordPress\/wp-json\/wp\/v2\/posts\/3540\/revisions\/4653"}],"wp:attachment":[{"href":"https:\/\/cluq-grenoble.org\/WordPress\/wp-json\/wp\/v2\/media?parent=3540"}],"wp:term":[{"taxonomy":"category","embeddable":true,"href":"https:\/\/cluq-grenoble.org\/WordPress\/wp-json\/wp\/v2\/categories?post=3540"},{"taxonomy":"post_tag","embeddable":true,"href":"https:\/\/cluq-grenoble.org\/WordPress\/wp-json\/wp\/v2\/tags?post=3540"}],"curies":[{"name":"wp","href":"https:\/\/api.w.org\/{rel}","templated":true}]}}