{"id":3830,"date":"2018-03-08T10:28:32","date_gmt":"2018-03-08T08:28:32","guid":{"rendered":"http:\/\/cluq-grenoble.org\/WordPress\/?p=3830"},"modified":"2020-02-03T14:04:19","modified_gmt":"2020-02-03T13:04:19","slug":"2eme-rencontre-de-la-poesie-a-mistral","status":"publish","type":"post","link":"https:\/\/cluq-grenoble.org\/WordPress\/2018\/03\/2eme-rencontre-de-la-poesie-a-mistral\/","title":{"rendered":"2\u00e8me rencontre de la po\u00e9sie \u00e0 Mistral"},"content":{"rendered":"<p style=\"text-align: center;\"><strong>Le CoHaMis &#8211; Union de Quartier<\/strong> vous invite \u00e0 une<\/p>\n<p style=\"text-align: center;\">2\u00e8me rencontre de la po\u00e9sie \u00e0 Mistral<\/p>\n<p style=\"text-align: center;\"><strong>Vendredi 23 mars 2018 de 18h \u00e0 22h<\/strong> &#8211; \u00e0 la Salle Polyvalente &#8211; 71 ter Avenue Rhin et Danube &#8211; Grenoble<\/p>\n<p><a href=\"http:\/\/cluq-grenoble.org\/WordPress\/wp-content\/uploads\/2018\/03\/affiche-rencontre-po\u00e9sie-mistral_01.jpg\"><img loading=\"lazy\" width=\"372\" height=\"521\" class=\"alignleft  wp-image-3831\" alt=\"affiche rencontre po\u00e9sie mistral_01\" src=\"http:\/\/cluq-grenoble.org\/WordPress\/wp-content\/uploads\/2018\/03\/affiche-rencontre-po\u00e9sie-mistral_01-724x1024.jpg\"><\/a>&nbsp; <a href=\"http:\/\/cluq-grenoble.org\/WordPress\/wp-content\/uploads\/2018\/03\/INFO-POESIE-2018-2_01.jpg\"><img loading=\"lazy\" width=\"375\" height=\"539\" class=\"alignleft  wp-image-3832\" alt=\"INFO POESIE 2018 (2)_01\" src=\"http:\/\/cluq-grenoble.org\/WordPress\/wp-content\/uploads\/2018\/03\/INFO-POESIE-2018-2_01-706x1024.jpg\"><\/a><\/p>\n","protected":false},"excerpt":{"rendered":"<p>Le CoHaMis &#8211; Union de Quartier vous invite \u00e0 une<span class=\"more-link\"><a href=\"https:\/\/cluq-grenoble.org\/WordPress\/2018\/03\/2eme-rencontre-de-la-poesie-a-mistral\/\">Lire la suite<\/a><\/span><\/p>\n","protected":false},"author":1,"featured_media":0,"comment_status":"closed","ping_status":"open","sticky":false,"template":"","format":"standard","meta":[],"categories":[10],"tags":[],"_links":{"self":[{"href":"https:\/\/cluq-grenoble.org\/WordPress\/wp-json\/wp\/v2\/posts\/3830"}],"collection":[{"href":"https:\/\/cluq-grenoble.org\/WordPress\/wp-json\/wp\/v2\/posts"}],"about":[{"href":"https:\/\/cluq-grenoble.org\/WordPress\/wp-json\/wp\/v2\/types\/post"}],"author":[{"embeddable":true,"href":"https:\/\/cluq-grenoble.org\/WordPress\/wp-json\/wp\/v2\/users\/1"}],"replies":[{"embeddable":true,"href":"https:\/\/cluq-grenoble.org\/WordPress\/wp-json\/wp\/v2\/comments?post=3830"}],"version-history":[{"count":2,"href":"https:\/\/cluq-grenoble.org\/WordPress\/wp-json\/wp\/v2\/posts\/3830\/revisions"}],"predecessor-version":[{"id":4652,"href":"https:\/\/cluq-grenoble.org\/WordPress\/wp-json\/wp\/v2\/posts\/3830\/revisions\/4652"}],"wp:attachment":[{"href":"https:\/\/cluq-grenoble.org\/WordPress\/wp-json\/wp\/v2\/media?parent=3830"}],"wp:term":[{"taxonomy":"category","embeddable":true,"href":"https:\/\/cluq-grenoble.org\/WordPress\/wp-json\/wp\/v2\/categories?post=3830"},{"taxonomy":"post_tag","embeddable":true,"href":"https:\/\/cluq-grenoble.org\/WordPress\/wp-json\/wp\/v2\/tags?post=3830"}],"curies":[{"name":"wp","href":"https:\/\/api.w.org\/{rel}","templated":true}]}}