{"id":5480,"date":"2020-12-10T19:57:56","date_gmt":"2020-12-10T18:57:56","guid":{"rendered":"http:\/\/cluq-grenoble.org\/WordPress\/?p=5480"},"modified":"2020-12-11T09:20:55","modified_gmt":"2020-12-11T08:20:55","slug":"collegialite-ou-presidence","status":"publish","type":"post","link":"https:\/\/cluq-grenoble.org\/WordPress\/2020\/12\/collegialite-ou-presidence\/","title":{"rendered":"Coll\u00e9gialit\u00e9 ou Pr\u00e9sidence ?"},"content":{"rendered":"\n<p>Deux mode de fonctionnement co-existent au sein des Unions de Quartiers:<\/p>\n\n\n\n<ul><li>la pr\u00e9sidence avec membres qualifi\u00e9s au sein du CA : pr\u00e9sident, vice-pr\u00e9sidents , secr\u00e9taire, tr\u00e9sorier et adjoints, <\/li><li>la coll\u00e9gialit\u00e9 ou tous les membres du CA partagent l&#8217;ensemble des t\u00e2ches \u00e0 part \u00e9gal. <\/li><\/ul>\n\n\n\n<p>La seconde est une mise en oeuvre r\u00e9cente de l&#8217;Union de Quartier du Centre-Ville. Si \u00e0 ses d\u00e9but elle a \u00e9t\u00e9 le r\u00e9sultat d&#8217;un manque de candidat \u00e0 la pr\u00e9sidence, aujourd&#8217;hui ses membres ne souhaiteraient plus changer de gouvernance.<\/p>\n\n\n\n<p><em>Nous aurons bient\u00f4t une mise \u00e0 jour de cet article avec une interview pour mieux comprendre leur fonctionnement ainsi que les pr\u00e9requis n\u00e9cessaires \u00e0 la r\u00e9ussite d&#8217;un tel projet de gouvernance. <\/em><\/p>\n\n\n\n<p><\/p>\n","protected":false},"excerpt":{"rendered":"<p>Deux mode de fonctionnement co-existent au sein des Unions de<span class=\"more-link\"><a href=\"https:\/\/cluq-grenoble.org\/WordPress\/2020\/12\/collegialite-ou-presidence\/\">Lire la suite<\/a><\/span><\/p>\n","protected":false},"author":1,"featured_media":0,"comment_status":"closed","ping_status":"open","sticky":false,"template":"","format":"standard","meta":[],"categories":[133],"tags":[],"_links":{"self":[{"href":"https:\/\/cluq-grenoble.org\/WordPress\/wp-json\/wp\/v2\/posts\/5480"}],"collection":[{"href":"https:\/\/cluq-grenoble.org\/WordPress\/wp-json\/wp\/v2\/posts"}],"about":[{"href":"https:\/\/cluq-grenoble.org\/WordPress\/wp-json\/wp\/v2\/types\/post"}],"author":[{"embeddable":true,"href":"https:\/\/cluq-grenoble.org\/WordPress\/wp-json\/wp\/v2\/users\/1"}],"replies":[{"embeddable":true,"href":"https:\/\/cluq-grenoble.org\/WordPress\/wp-json\/wp\/v2\/comments?post=5480"}],"version-history":[{"count":3,"href":"https:\/\/cluq-grenoble.org\/WordPress\/wp-json\/wp\/v2\/posts\/5480\/revisions"}],"predecessor-version":[{"id":5501,"href":"https:\/\/cluq-grenoble.org\/WordPress\/wp-json\/wp\/v2\/posts\/5480\/revisions\/5501"}],"wp:attachment":[{"href":"https:\/\/cluq-grenoble.org\/WordPress\/wp-json\/wp\/v2\/media?parent=5480"}],"wp:term":[{"taxonomy":"category","embeddable":true,"href":"https:\/\/cluq-grenoble.org\/WordPress\/wp-json\/wp\/v2\/categories?post=5480"},{"taxonomy":"post_tag","embeddable":true,"href":"https:\/\/cluq-grenoble.org\/WordPress\/wp-json\/wp\/v2\/tags?post=5480"}],"curies":[{"name":"wp","href":"https:\/\/api.w.org\/{rel}","templated":true}]}}