{"id":5871,"date":"2021-01-26T12:08:58","date_gmt":"2021-01-26T11:08:58","guid":{"rendered":"http:\/\/cluq-grenoble.org\/WordPress\/?p=5871"},"modified":"2021-01-26T12:08:58","modified_gmt":"2021-01-26T11:08:58","slug":"revue-de-presse-du-15-au-21-janvier-2021","status":"publish","type":"post","link":"https:\/\/cluq-grenoble.org\/WordPress\/2021\/01\/revue-de-presse-du-15-au-21-janvier-2021\/","title":{"rendered":"Revue de presse du 15 au 21 janvier 2021"},"content":{"rendered":"<p><strong>Dauphin\u00e9 Lib\u00e9r\u00e9<\/strong><\/p>\n<p>15 janv. \u2013 <a href=\"https:\/\/www.ledauphine.com\/societe\/2021\/01\/15\/isere-grenoble-amenagements-du-parvis-du-plateau-a-mistral-des-habitants-tres-remontes\">Am\u00e9nagements \u00e0 Mistral\u00a0: des habitants tr\u00e8s remont\u00e9s<\/a><\/p>\n<p>15 janv. \u2013 <a href=\"https:\/\/www.ledauphine.com\/faits-divers-justice\/2021\/01\/14\/isere-grenoble-apres-la-fermeture-de-la-creche-a-la-villeneuve-le-prefet-de-l-isere-lionel-beffre-l-assure-les-delinquants-ne-dirigeront-pas-le-quartier\">Pour le pr\u00e9fet \u00ab\u00a0les d\u00e9linquants ne dirigeront pas le quartier\u00a0\u00bb<\/a><\/p>\n<p>16 janv. \u2013 <a href=\"https:\/\/www.ledauphine.com\/culture-loisirs\/2021\/01\/15\/davantage-de-moyens-pour-proteger-et-traiter-l-eau-dans-la-metropole\">Davantage de moyens pour prot\u00e9ger et traiter l\u2019eau dans la m\u00e9tropole<\/a><\/p>\n<p>17 janv. \u2013 <a href=\"https:\/\/www.ledauphine.com\/politique\/2021\/01\/17\/agglomeration-grenobloise-la-metropole-organise-une-convention-citoyenne-sur-le-climat-pour-quoi-faire\">M\u00e9tropole\u00a0: une convention citoyenne \u2013 pour quoi faire\u00a0?<\/a><\/p>\n<p>19 janv. \u2013 <a href=\"https:\/\/www.ledauphine.com\/sante\/2021\/01\/18\/isere-grenoble-sante-groupe-hospitalier-mutualiste-le-coup-de-tonnerre-de-la-metropole-qui-va-preempter-les-batiments\">Clinique Mutualiste\u00a0: le coup de tonnerre de la M\u00e9tropole<\/a><\/p>\n<p>20 janv. \u2013 <a href=\"https:\/\/www.ledauphine.com\/environnement\/2021\/01\/20\/air-attitude-un-outil-pour-rendre-concretes-les-actions-pour-la-qualite-de-l-air\">Un outil pour rendre concr\u00e8tes les actions pour la qualit\u00e9 de l\u2019air<\/a><\/p>\n<p>20 janv. \u2013 <a href=\"https:\/\/www.ledauphine.com\/societe\/2021\/01\/20\/isere-transport-trottinettes-en-libre-service-grenoble-tres-bonne-eleve-pour-tier-mobility\">Trottinettes en libre-service\u00a0: Grenoble \u00ab\u00a0tr\u00e8s bonne \u00e9l\u00e8ve\u00a0\u00bb<\/a><\/p>\n<p>20 janv. \u2013 <a href=\"https:\/\/www.ledauphine.com\/sante\/2021\/01\/19\/isere-vaccination-contre-la-covid-19-a-grenoble-le-centre-d-appels-ne-propose-plus-de-rendez-vous\">Vaccination\u00a0: le centre d\u2019appels ne propose plus de rendez-vous<\/a><\/p>\n<p>20 janv. \u2013 <a href=\"https:\/\/www.ledauphine.com\/economie\/2021\/01\/19\/isere-grenoble-transport-insee-deplacements-domicile-travail-a-grenoble-le-velo-est-toujours-au-sommet\">Domicile-travail\u00a0: le v\u00e9lo est toujours au sommet<\/a><\/p>\n<p>21 janv. \u2013 <a href=\"https:\/\/c.ledauphine.com\/societe\/2021\/01\/21\/isere-grenoble-amenagement-de-l-avenue-de-washington-quelle-concertation-avec-les-riverains\">Am\u00e9nagement de l\u2019avenue de Washington\u00a0: quelle concertation avec les riverains\u00a0?<\/a><\/p>\n<p><strong>Place Gre\u2019net<\/strong><\/p>\n<p>15 janvier &#8211;\u00a0 <a href=\"https:\/\/www.placegrenet.fr\/2021\/01\/15\/squat-de-labbaye-la-ville-de-grenoble-sengage-a-mettre-a-labri-les-occupants-de-limmeuble-vacant\/431947\">Grenoble va &#8220;mettre \u00e0 l&#8217;abri&#8221; les occupants de l&#8217;Abbaye | Place Gre&#8217;net<\/a> &#8211; Place Gre&#8217;net<\/p>\n<p>16 janvier &#8211; <a href=\"https:\/\/www.placegrenet.fr\/2021\/01\/16\/grenoble-reste-la-quatrieme-ville-la-plus-embouteillee-de-france-selon-le-fabricant-de-gps-tomtom\/430789\">Grenoble reste la 4e ville la plus embouteill\u00e9e de France | Place Gre&#8217;net<\/a> &#8211; Place Gre&#8217;net<\/p>\n<p>18 janvier &#8211;\u00a0 <a href=\"https:\/\/www.placegrenet.fr\/2021\/01\/18\/a-grenoble-la-metro-active-la-procedure-de-preemption-pour-reprendre-la-main-sur-la-clinique-mutualiste-cedee-a-doctegestio\/434265\">GHM : la M\u00e9tro engage un bras de fer avec Doctegestio | Place Gre&#8217;net<\/a> &#8211; Place Gre&#8217;net<\/p>\n<p>19 janvier &#8211;\u00a0 <a href=\"https:\/\/www.placegrenet.fr\/2021\/01\/19\/grenoble-nouveau-visage-place-victor-hugo-travaux-jusqua-ete-2021\/434412\">Grenoble : des travaux place Victor-Hugo jusqu&#8217;\u00e0 l&#8217;\u00e9t\u00e9 2021 | Place Gre&#8217;net<\/a> &#8211; Place Gre&#8217;net<\/p>\n<p>20 janvier &#8211;\u00a0 <a href=\"https:\/\/www.placegrenet.fr\/2021\/01\/20\/arbres-en-ville-la-ville-de-grenoble-fait-le-point-a-loccasion-de-la-saison-de-plantation-2020-2021\/434560\">La Ville de Grenoble fait le point sur sa politique arboricole | Place Gre&#8217;net<\/a> &#8211; Place Gre&#8217;net<\/p>\n<p>20 janvier &#8211; <a href=\"https:\/\/www.placegrenet.fr\/2021\/01\/20\/larrete-anti-expulsions-du-maire-de-grenoble-etant-annule-par-la-justice-eric-piolle-contre-attaque\/434690\">L&#8217;arr\u00eat\u00e9 anti-expulsions annul\u00e9, \u00c9ric Piolle contre-attaque | Place Gre&#8217;net<\/a> &#8211; Place Gre&#8217;net<\/p>\n<p><a href=\"http:\/\/cluq-grenoble.org\/WordPress\/revue-de-presse\/\">Lien pour les membres<\/a><\/p>\n\n\n<p><\/p>\n","protected":false},"excerpt":{"rendered":"<p>Dauphin\u00e9 Lib\u00e9r\u00e9 15 janv. \u2013 Am\u00e9nagements \u00e0 Mistral\u00a0: des habitants<span class=\"more-link\"><a href=\"https:\/\/cluq-grenoble.org\/WordPress\/2021\/01\/revue-de-presse-du-15-au-21-janvier-2021\/\">Lire la suite<\/a><\/span><\/p>\n","protected":false},"author":1,"featured_media":0,"comment_status":"closed","ping_status":"open","sticky":false,"template":"","format":"standard","meta":[],"categories":[74],"tags":[],"_links":{"self":[{"href":"https:\/\/cluq-grenoble.org\/WordPress\/wp-json\/wp\/v2\/posts\/5871"}],"collection":[{"href":"https:\/\/cluq-grenoble.org\/WordPress\/wp-json\/wp\/v2\/posts"}],"about":[{"href":"https:\/\/cluq-grenoble.org\/WordPress\/wp-json\/wp\/v2\/types\/post"}],"author":[{"embeddable":true,"href":"https:\/\/cluq-grenoble.org\/WordPress\/wp-json\/wp\/v2\/users\/1"}],"replies":[{"embeddable":true,"href":"https:\/\/cluq-grenoble.org\/WordPress\/wp-json\/wp\/v2\/comments?post=5871"}],"version-history":[{"count":1,"href":"https:\/\/cluq-grenoble.org\/WordPress\/wp-json\/wp\/v2\/posts\/5871\/revisions"}],"predecessor-version":[{"id":5874,"href":"https:\/\/cluq-grenoble.org\/WordPress\/wp-json\/wp\/v2\/posts\/5871\/revisions\/5874"}],"wp:attachment":[{"href":"https:\/\/cluq-grenoble.org\/WordPress\/wp-json\/wp\/v2\/media?parent=5871"}],"wp:term":[{"taxonomy":"category","embeddable":true,"href":"https:\/\/cluq-grenoble.org\/WordPress\/wp-json\/wp\/v2\/categories?post=5871"},{"taxonomy":"post_tag","embeddable":true,"href":"https:\/\/cluq-grenoble.org\/WordPress\/wp-json\/wp\/v2\/tags?post=5871"}],"curies":[{"name":"wp","href":"https:\/\/api.w.org\/{rel}","templated":true}]}}