{"id":7770,"date":"2021-06-24T09:33:41","date_gmt":"2021-06-24T08:33:41","guid":{"rendered":"https:\/\/cluq-grenoble.org\/WordPress\/?p=7770"},"modified":"2021-06-24T09:33:41","modified_gmt":"2021-06-24T08:33:41","slug":"articles-de-presse-du-17-au-24-juin-2021","status":"publish","type":"post","link":"https:\/\/cluq-grenoble.org\/WordPress\/2021\/06\/articles-de-presse-du-17-au-24-juin-2021\/","title":{"rendered":"Articles de presse du 17 au 24 juin 2021"},"content":{"rendered":"<p><img loading=\"lazy\" class=\"size-full wp-image-4968 alignnone\" src=\"https:\/\/cluq-grenoble.org\/WordPress\/wp-content\/uploads\/2020\/11\/CLUQ.png\" alt=\"\" width=\"202\" height=\"78\" \/><\/p>\n<p><strong>Dauphin\u00e9 Lib\u00e9r\u00e9<\/strong><\/p>\n<p>19 juin \u2013 <a href=\"https:\/\/c.ledauphine.com\/societe\/2021\/06\/19\/isere-politique-burkini-pourquoi-le-maire-de-grenoble-eric-piolle-interpelle-jean-castex\">Burkini\u00a0: pourquoi Eric Piolle interpelle jean Castex<\/a><\/p>\n<p>19 juin \u2013 <a href=\"https:\/\/c.ledauphine.com\/environnement\/2021\/06\/18\/isere-pietonnisation-pres-des-ecoles-a-grenoble-le-dispositif-lance-des-juillet\">Pi\u00e9tonnisation pr\u00e8s des \u00e9coles\u00a0: le dispositif lanc\u00e9 d\u00e8s juillet<\/a><\/p>\n<p>20 juin \u2013 <a href=\"https:\/\/c.ledauphine.com\/environnement\/2021\/06\/19\/isere-grenoble-face-aux-grandes-chaleurs-la-ville-deploie-son-plan-fraicheur\">Face aux grandes chaleurs, la ville d\u00e9ploie son plan fraicheur<\/a><\/p>\n<p>24 juin \u2013 <a href=\"https:\/\/c.ledauphine.com\/societe\/2021\/06\/23\/isere-grenoble-le-fournil-a-pris-possession-de-la-maternelle-claude-bernard\">Le\u00a0Fournil a pris possession de la maternelle Claude-Bernard<\/a><\/p>\n<p><strong>Place Gre&#8217;net<\/strong><\/p>\n<p>17 juin &#8211; <a href=\"https:\/\/www.placegrenet.fr\/2021\/06\/17\/renouveau-complet-de-la-billettique-tag-fini-le-magnetique-dans-lagglomeration-grenobloise\/536948\">Renouveau complet de la billettique Tag\u00a0: fini le magn\u00e9tique dans l\u2019agglom\u00e9ration grenobloise<\/a><\/p>\n<p>18 juin &#8211; <a href=\"https:\/\/www.placegrenet.fr\/2021\/06\/18\/debat-houleux-pour-la-presentation-du-projet-places-aux-enfants-a-grenoble\/537681\">D\u00e9bat houleux pour la pr\u00e9sentation du projet Place(s) aux enfants \u00e0 Grenoble<\/a><\/p>\n<p>18 juin &#8211; <a href=\"https:\/\/www.placegrenet.fr\/2021\/06\/18\/retour-sur-les-finances-2020-la-crise-sanitaire-a-mis-grenoble-ko\/537665\">Retour sur les finances 2020\u00a0: la crise sanitaire a mis la Ville de Grenoble\u00a0KO<\/a><\/p>\n<p>19 juin &#8211; <a href=\"https:\/\/www.placegrenet.fr\/2021\/06\/19\/piscines-burqini-grenoble-eric-piolle-renvoie-balle-jean-castex\/539122\">Burqini ou pas burqini dans les piscines \u00e0 Grenoble\u00a0? Eric Piolle renvoie la balle \u00e0 Jean Castex<\/a><\/p>\n<p>22 juin &#8211; <a href=\"https:\/\/www.placegrenet.fr\/2021\/06\/22\/les-metropoles-de-grenoble-et-de-lyon-interpellent-les-parlementaires-sur-la-renovation-energetique\/539661\">Les M\u00e9tropoles de Grenoble et de Lyon interpellent les parlementaires sur la r\u00e9novation \u00e9nerg\u00e9tique<\/a><\/p>\n<p>23 juin- <a href=\"https:\/\/www.placegrenet.fr\/2021\/06\/23\/les-trams-de-la-tag-circulent-jusqua-une-heure-du-matin-mais-les-horaires-restent-adaptes-en-journee\/539838\">Les trams de la Tag circulent jusqu\u2019\u00e0 une heure du matin, mais les horaires restent \u00ab\u00a0adapt\u00e9s\u00a0\u00bb en journ\u00e9e<\/a><\/p>\n<p>23 juin &#8211; <a href=\"https:\/\/www.placegrenet.fr\/2021\/06\/23\/dispositifs-dinterpellation-et-de-votation-citoyennes-la-majorite-deric-piolle-creuse-son-sillon-au-grand-dam-des-oppositions\/537318\">Dispositifs d\u2019interpellation et de votation citoyennes\u00a0: la majorit\u00e9 d\u2019\u00c9ric Piolle creuse son sillon, au grand dam des oppositions<\/a><\/p>\n\n\n<p><a href=\"https:\/\/cluq-grenoble.org\/WordPress\/revue-de-presse\/\">Lien pour les membres<\/a><\/p>\n","protected":false},"excerpt":{"rendered":"<p>Dauphin\u00e9 Lib\u00e9r\u00e9 19 juin \u2013 Burkini\u00a0: pourquoi Eric Piolle interpelle<span class=\"more-link\"><a href=\"https:\/\/cluq-grenoble.org\/WordPress\/2021\/06\/articles-de-presse-du-17-au-24-juin-2021\/\">Lire la suite<\/a><\/span><\/p>\n","protected":false},"author":1,"featured_media":0,"comment_status":"closed","ping_status":"","sticky":false,"template":"","format":"standard","meta":[],"categories":[74],"tags":[],"_links":{"self":[{"href":"https:\/\/cluq-grenoble.org\/WordPress\/wp-json\/wp\/v2\/posts\/7770"}],"collection":[{"href":"https:\/\/cluq-grenoble.org\/WordPress\/wp-json\/wp\/v2\/posts"}],"about":[{"href":"https:\/\/cluq-grenoble.org\/WordPress\/wp-json\/wp\/v2\/types\/post"}],"author":[{"embeddable":true,"href":"https:\/\/cluq-grenoble.org\/WordPress\/wp-json\/wp\/v2\/users\/1"}],"replies":[{"embeddable":true,"href":"https:\/\/cluq-grenoble.org\/WordPress\/wp-json\/wp\/v2\/comments?post=7770"}],"version-history":[{"count":1,"href":"https:\/\/cluq-grenoble.org\/WordPress\/wp-json\/wp\/v2\/posts\/7770\/revisions"}],"predecessor-version":[{"id":7771,"href":"https:\/\/cluq-grenoble.org\/WordPress\/wp-json\/wp\/v2\/posts\/7770\/revisions\/7771"}],"wp:attachment":[{"href":"https:\/\/cluq-grenoble.org\/WordPress\/wp-json\/wp\/v2\/media?parent=7770"}],"wp:term":[{"taxonomy":"category","embeddable":true,"href":"https:\/\/cluq-grenoble.org\/WordPress\/wp-json\/wp\/v2\/categories?post=7770"},{"taxonomy":"post_tag","embeddable":true,"href":"https:\/\/cluq-grenoble.org\/WordPress\/wp-json\/wp\/v2\/tags?post=7770"}],"curies":[{"name":"wp","href":"https:\/\/api.w.org\/{rel}","templated":true}]}}