{"id":9366,"date":"2025-04-09T06:26:29","date_gmt":"2025-04-09T05:26:29","guid":{"rendered":"https:\/\/cluq-grenoble.org\/WordPress\/?p=9366"},"modified":"2025-04-09T06:42:18","modified_gmt":"2025-04-09T05:42:18","slug":"marche-aux-fleurs-samedi-10-mai-2025-place-de-verdun","status":"publish","type":"post","link":"https:\/\/cluq-grenoble.org\/WordPress\/2025\/04\/marche-aux-fleurs-samedi-10-mai-2025-place-de-verdun\/","title":{"rendered":"La MJC Mutualit\u00e9 a \u00e9t\u00e9 inaugur\u00e9e"},"content":{"rendered":"\n<p><\/p>\n\n\n\n<figure class=\"wp-block-image size-large\"><a href=\"https:\/\/cluq-grenoble.org\/WordPress\/wp-content\/uploads\/2025\/04\/DL-28mars-La-MJC-Mutualite-a-ete-inauguree-1.jpg\"><img loading=\"lazy\" width=\"1024\" height=\"544\" src=\"https:\/\/cluq-grenoble.org\/WordPress\/wp-content\/uploads\/2025\/04\/DL-28mars-La-MJC-Mutualite-a-ete-inauguree-1-1024x544.jpg\" alt=\"\" class=\"wp-image-9372\" srcset=\"https:\/\/cluq-grenoble.org\/WordPress\/wp-content\/uploads\/2025\/04\/DL-28mars-La-MJC-Mutualite-a-ete-inauguree-1-1024x544.jpg 1024w, https:\/\/cluq-grenoble.org\/WordPress\/wp-content\/uploads\/2025\/04\/DL-28mars-La-MJC-Mutualite-a-ete-inauguree-1-300x160.jpg 300w, https:\/\/cluq-grenoble.org\/WordPress\/wp-content\/uploads\/2025\/04\/DL-28mars-La-MJC-Mutualite-a-ete-inauguree-1-768x408.jpg 768w, https:\/\/cluq-grenoble.org\/WordPress\/wp-content\/uploads\/2025\/04\/DL-28mars-La-MJC-Mutualite-a-ete-inauguree-1-465x247.jpg 465w, https:\/\/cluq-grenoble.org\/WordPress\/wp-content\/uploads\/2025\/04\/DL-28mars-La-MJC-Mutualite-a-ete-inauguree-1-695x370.jpg 695w, https:\/\/cluq-grenoble.org\/WordPress\/wp-content\/uploads\/2025\/04\/DL-28mars-La-MJC-Mutualite-a-ete-inauguree-1.jpg 1198w\" sizes=\"(max-width: 1024px) 100vw, 1024px\" \/><\/a><\/figure>\n","protected":false},"excerpt":{"rendered":"<p><span class=\"more-link\"><a href=\"https:\/\/cluq-grenoble.org\/WordPress\/2025\/04\/marche-aux-fleurs-samedi-10-mai-2025-place-de-verdun\/\">Lire la suite<\/a><\/span><\/p>\n","protected":false},"author":6,"featured_media":0,"comment_status":"closed","ping_status":"","sticky":false,"template":"","format":"standard","meta":[],"categories":[110],"tags":[],"_links":{"self":[{"href":"https:\/\/cluq-grenoble.org\/WordPress\/wp-json\/wp\/v2\/posts\/9366"}],"collection":[{"href":"https:\/\/cluq-grenoble.org\/WordPress\/wp-json\/wp\/v2\/posts"}],"about":[{"href":"https:\/\/cluq-grenoble.org\/WordPress\/wp-json\/wp\/v2\/types\/post"}],"author":[{"embeddable":true,"href":"https:\/\/cluq-grenoble.org\/WordPress\/wp-json\/wp\/v2\/users\/6"}],"replies":[{"embeddable":true,"href":"https:\/\/cluq-grenoble.org\/WordPress\/wp-json\/wp\/v2\/comments?post=9366"}],"version-history":[{"count":4,"href":"https:\/\/cluq-grenoble.org\/WordPress\/wp-json\/wp\/v2\/posts\/9366\/revisions"}],"predecessor-version":[{"id":9379,"href":"https:\/\/cluq-grenoble.org\/WordPress\/wp-json\/wp\/v2\/posts\/9366\/revisions\/9379"}],"wp:attachment":[{"href":"https:\/\/cluq-grenoble.org\/WordPress\/wp-json\/wp\/v2\/media?parent=9366"}],"wp:term":[{"taxonomy":"category","embeddable":true,"href":"https:\/\/cluq-grenoble.org\/WordPress\/wp-json\/wp\/v2\/categories?post=9366"},{"taxonomy":"post_tag","embeddable":true,"href":"https:\/\/cluq-grenoble.org\/WordPress\/wp-json\/wp\/v2\/tags?post=9366"}],"curies":[{"name":"wp","href":"https:\/\/api.w.org\/{rel}","templated":true}]}}