{"id":9526,"date":"2026-04-28T10:05:54","date_gmt":"2026-04-28T09:05:54","guid":{"rendered":"https:\/\/cluq-grenoble.org\/WordPress\/?p=9526"},"modified":"2026-04-28T10:10:51","modified_gmt":"2026-04-28T09:10:51","slug":"marche-aux-fleurs-2026","status":"publish","type":"post","link":"https:\/\/cluq-grenoble.org\/WordPress\/2026\/04\/marche-aux-fleurs-2026\/","title":{"rendered":"March\u00e9 aux Fleurs 2026"},"content":{"rendered":"<p style=\"text-align: center;\"><strong>Les Unions de Quartier Mutualit\u00e9-Pr\u00e9fecture, Centre Ville et<\/strong><\/p>\n<p style=\"text-align: center;\"><strong>Exposition-Bajati\u00e8re vous proposent\u00a0<\/strong><\/p>\n<p style=\"text-align: center;\"><strong>Le March\u00e9 aux Fleurs 2026<\/strong><\/p>\n<p style=\"text-align: center;\"><strong>Samedi 09 mai 2026 &#8211; de 8h30 \u00e0 18h30 &#8211; place de Verdun &#8211; Grenoble<\/strong><\/p>\n\n\n<figure class=\"wp-block-image size-large\"><a href=\"https:\/\/cluq-grenoble.org\/WordPress\/wp-content\/uploads\/2026\/04\/Marche\u0301-aux-fleurs-2026-scaled.jpg\"><img loading=\"lazy\" width=\"724\" height=\"1024\" src=\"https:\/\/cluq-grenoble.org\/WordPress\/wp-content\/uploads\/2026\/04\/Marche\u0301-aux-fleurs-2026-724x1024.jpg\" alt=\"\" class=\"wp-image-9527\" srcset=\"https:\/\/cluq-grenoble.org\/WordPress\/wp-content\/uploads\/2026\/04\/Marche\u0301-aux-fleurs-2026-724x1024.jpg 724w, https:\/\/cluq-grenoble.org\/WordPress\/wp-content\/uploads\/2026\/04\/Marche\u0301-aux-fleurs-2026-212x300.jpg 212w, https:\/\/cluq-grenoble.org\/WordPress\/wp-content\/uploads\/2026\/04\/Marche\u0301-aux-fleurs-2026-768x1086.jpg 768w, https:\/\/cluq-grenoble.org\/WordPress\/wp-content\/uploads\/2026\/04\/Marche\u0301-aux-fleurs-2026-1086x1536.jpg 1086w, https:\/\/cluq-grenoble.org\/WordPress\/wp-content\/uploads\/2026\/04\/Marche\u0301-aux-fleurs-2026-1448x2048.jpg 1448w, https:\/\/cluq-grenoble.org\/WordPress\/wp-content\/uploads\/2026\/04\/Marche\u0301-aux-fleurs-2026-389x550.jpg 389w, https:\/\/cluq-grenoble.org\/WordPress\/wp-content\/uploads\/2026\/04\/Marche\u0301-aux-fleurs-2026-354x500.jpg 354w, https:\/\/cluq-grenoble.org\/WordPress\/wp-content\/uploads\/2026\/04\/Marche\u0301-aux-fleurs-2026-scaled.jpg 1810w\" sizes=\"(max-width: 724px) 100vw, 724px\" \/><\/a><\/figure>\n","protected":false},"excerpt":{"rendered":"<p>Les Unions de Quartier Mutualit\u00e9-Pr\u00e9fecture, Centre Ville et Exposition-Bajati\u00e8re vous<span class=\"more-link\"><a href=\"https:\/\/cluq-grenoble.org\/WordPress\/2026\/04\/marche-aux-fleurs-2026\/\">Lire la suite<\/a><\/span><\/p>\n","protected":false},"author":1,"featured_media":0,"comment_status":"closed","ping_status":"","sticky":false,"template":"","format":"standard","meta":[],"categories":[74,92,3],"tags":[],"_links":{"self":[{"href":"https:\/\/cluq-grenoble.org\/WordPress\/wp-json\/wp\/v2\/posts\/9526"}],"collection":[{"href":"https:\/\/cluq-grenoble.org\/WordPress\/wp-json\/wp\/v2\/posts"}],"about":[{"href":"https:\/\/cluq-grenoble.org\/WordPress\/wp-json\/wp\/v2\/types\/post"}],"author":[{"embeddable":true,"href":"https:\/\/cluq-grenoble.org\/WordPress\/wp-json\/wp\/v2\/users\/1"}],"replies":[{"embeddable":true,"href":"https:\/\/cluq-grenoble.org\/WordPress\/wp-json\/wp\/v2\/comments?post=9526"}],"version-history":[{"count":5,"href":"https:\/\/cluq-grenoble.org\/WordPress\/wp-json\/wp\/v2\/posts\/9526\/revisions"}],"predecessor-version":[{"id":9533,"href":"https:\/\/cluq-grenoble.org\/WordPress\/wp-json\/wp\/v2\/posts\/9526\/revisions\/9533"}],"wp:attachment":[{"href":"https:\/\/cluq-grenoble.org\/WordPress\/wp-json\/wp\/v2\/media?parent=9526"}],"wp:term":[{"taxonomy":"category","embeddable":true,"href":"https:\/\/cluq-grenoble.org\/WordPress\/wp-json\/wp\/v2\/categories?post=9526"},{"taxonomy":"post_tag","embeddable":true,"href":"https:\/\/cluq-grenoble.org\/WordPress\/wp-json\/wp\/v2\/tags?post=9526"}],"curies":[{"name":"wp","href":"https:\/\/api.w.org\/{rel}","templated":true}]}}